{"id":666,"date":"2024-05-02T10:29:44","date_gmt":"2024-05-02T15:29:44","guid":{"rendered":"https:\/\/www.alcabama.com\/blog\/?p=666"},"modified":"2024-05-02T10:29:58","modified_gmt":"2024-05-02T15:29:58","slug":"feria-alcabama-atrae-lo-que-mereces-en-el-mercado-inmobiliario-colombiano","status":"publish","type":"post","link":"https:\/\/www.alcabama.com\/blog\/feria-alcabama-atrae-lo-que-mereces-en-el-mercado-inmobiliario-colombiano\/","title":{"rendered":"Feria Alcabama: Atrae lo que mereces en el mercado inmobiliario colombiano"},"content":{"rendered":"\n<p>En el vertiginoso mundo de los bienes ra\u00edces en Colombia, la Feria Alcabama se destaca como un evento imperdible para aquellos que buscan atraer lo que realmente merecen: desde el hogar ideal hasta oportunidades de inversi\u00f3n \u00fanicas. Esta feria, que se llevar\u00e1 a cabo a partir del 1 de mayo hasta el 31 del mismo mes, re\u00fane a los mejores proyectos, agentes inmobiliarios y compradores interesados bajo un mismo techo, creando un ambiente propicio para la adquisici\u00f3n de vivienda nueva en ubicaciones privilegiadas.<\/p>\n\n\n\n<p><strong>Este a\u00f1o la Feria Alcabama te ofrece una variedad de opciones<\/strong>: M\u00e1s de 15 proyectos que combinan el lujo y acogedores apartamentos familiares con descuentos, la Feria Alcabama exhibe una amplia gama de propiedades que se adaptan a todos los gustos, necesidades y presupuestos.<\/p>\n\n\n\n<p><strong>Adem\u00e1s, contar\u00e1 con acceso directo y gratuito a expertos:<\/strong> Pues tendr\u00e1 la presencia de agentes inmobiliarios y bancos aliados. Los visitantes de la feria podr\u00e1n obtener informaci\u00f3n privilegiada y asesoramiento personalizado sobre las tendencias del mercado y las mejores oportunidades de inversi\u00f3n.<\/p>\n\n\n\n<p><strong>Tambi\u00e9n contar\u00e1 con un espacio dedicado a los subsidios inmobiliarios: <\/strong>Profesionales del sector estar\u00e1n a disposici\u00f3n de encontrar esas oportunidades de financiamiento y ayudas que facilitar\u00e1n en gran medida la adquisici\u00f3n del apartamento ideal para cada visitante, as\u00ed como una explicaci\u00f3n f\u00e1cil y sencilla de los pasos a seguir para conquistar estos beneficios.<br><\/p>\n\n\n\n<p><strong>Por si fuera poco, este evento que tendr\u00e1 una duraci\u00f3n de un mes, habilitar\u00e1 descuentos \u00fanicos: <\/strong>En aras de crear una experiencia completa y provechosa para sus visitantes, hemos destinado unos descuentos y beneficios especiales que estar\u00e1n vigentes durante la duraci\u00f3n del evento.\u00a0<\/p>\n\n\n\n<p>Aprovecha la oportunidad de asistir a la Feria Alcabama en cada una de nuestras salas de ventas y comienza a atraer lo que realmente mereces en el apasionante mundo de los bienes ra\u00edces en Colombia. Desde encontrar tu hogar ideal hasta expandir tu portafolio de inversiones, esta feria es el lugar donde los sue\u00f1os se convierten en realidad.&nbsp;<\/p>\n\n\n\n<p>Conoce m\u00e1s en: <a href=\"http:\/\/www.alcabama.com\">www.alcabama.com<\/a>&nbsp;<\/p>\n","protected":false},"excerpt":{"rendered":"<p>En el vertiginoso mundo de los bienes ra\u00edces en Colombia, la Feria Alcabama se destaca como un evento imperdible para &#8230; <a title=\"Feria Alcabama: Atrae lo que mereces en el mercado inmobiliario colombiano\" class=\"read-more\" href=\"https:\/\/www.alcabama.com\/blog\/feria-alcabama-atrae-lo-que-mereces-en-el-mercado-inmobiliario-colombiano\/\" aria-label=\"Leer m\u00e1s sobre Feria Alcabama: Atrae lo que mereces en el mercado inmobiliario colombiano\">Leer m\u00e1s<\/a><\/p>\n","protected":false},"author":1,"featured_media":667,"comment_status":"closed","ping_status":"closed","sticky":false,"template":"","format":"standard","meta":{"inline_featured_image":false,"footnotes":""},"categories":[1],"tags":[],"class_list":["post-666","post","type-post","status-publish","format-standard","has-post-thumbnail","hentry","category-sin-categoria"],"yoast_head":"<!-- This site is optimized with the Yoast SEO plugin v25.3 - https:\/\/yoast.com\/wordpress\/plugins\/seo\/ -->\n<title>Feria Alcabama: Atrae lo que mereces en el mercado inmobiliario colombiano - Blog | Constructora Alcabama | Proyectos de Vivienda en Colombia<\/title>\n<meta name=\"robots\" content=\"index, follow, max-snippet:-1, max-image-preview:large, max-video-preview:-1\" \/>\n<link rel=\"canonical\" href=\"https:\/\/www.alcabama.com\/blog\/feria-alcabama-atrae-lo-que-mereces-en-el-mercado-inmobiliario-colombiano\/\" \/>\n<meta property=\"og:locale\" content=\"es_ES\" \/>\n<meta property=\"og:type\" content=\"article\" \/>\n<meta property=\"og:title\" content=\"Feria Alcabama: Atrae lo que mereces en el mercado inmobiliario colombiano - Blog | Constructora Alcabama | Proyectos de Vivienda en Colombia\" \/>\n<meta property=\"og:description\" content=\"En el vertiginoso mundo de los bienes ra\u00edces en Colombia, la Feria Alcabama se destaca como un evento imperdible para ... Leer m\u00e1s\" \/>\n<meta property=\"og:url\" content=\"https:\/\/www.alcabama.com\/blog\/feria-alcabama-atrae-lo-que-mereces-en-el-mercado-inmobiliario-colombiano\/\" \/>\n<meta property=\"og:site_name\" content=\"Blog | Constructora Alcabama | Proyectos de Vivienda en Colombia\" \/>\n<meta property=\"article:published_time\" content=\"2024-05-02T15:29:44+00:00\" \/>\n<meta property=\"article:modified_time\" content=\"2024-05-02T15:29:58+00:00\" \/>\n<meta property=\"og:image\" content=\"http:\/\/www.alcabama.com\/blog\/wp-content\/uploads\/2024\/05\/5.jpg\" \/>\n\t<meta property=\"og:image:width\" content=\"1600\" \/>\n\t<meta property=\"og:image:height\" content=\"900\" \/>\n\t<meta property=\"og:image:type\" content=\"image\/jpeg\" \/>\n<meta name=\"author\" content=\"alcabamaweb\" \/>\n<meta name=\"twitter:card\" content=\"summary_large_image\" \/>\n<meta name=\"twitter:label1\" content=\"Escrito por\" \/>\n\t<meta name=\"twitter:data1\" content=\"alcabamaweb\" \/>\n\t<meta name=\"twitter:label2\" content=\"Tiempo de lectura\" \/>\n\t<meta name=\"twitter:data2\" content=\"2 minutos\" \/>\n<script type=\"application\/ld+json\" class=\"yoast-schema-graph\">{\"@context\":\"https:\/\/schema.org\",\"@graph\":[{\"@type\":\"Article\",\"@id\":\"https:\/\/www.alcabama.com\/blog\/feria-alcabama-atrae-lo-que-mereces-en-el-mercado-inmobiliario-colombiano\/#article\",\"isPartOf\":{\"@id\":\"https:\/\/www.alcabama.com\/blog\/feria-alcabama-atrae-lo-que-mereces-en-el-mercado-inmobiliario-colombiano\/\"},\"author\":{\"name\":\"alcabamaweb\",\"@id\":\"https:\/\/www.alcabama.com\/blog\/#\/schema\/person\/7e96202d4be3b769af3ba5e6d90c741d\"},\"headline\":\"Feria Alcabama: Atrae lo que mereces en el mercado inmobiliario colombiano\",\"datePublished\":\"2024-05-02T15:29:44+00:00\",\"dateModified\":\"2024-05-02T15:29:58+00:00\",\"mainEntityOfPage\":{\"@id\":\"https:\/\/www.alcabama.com\/blog\/feria-alcabama-atrae-lo-que-mereces-en-el-mercado-inmobiliario-colombiano\/\"},\"wordCount\":362,\"publisher\":{\"@id\":\"https:\/\/www.alcabama.com\/blog\/#organization\"},\"image\":{\"@id\":\"https:\/\/www.alcabama.com\/blog\/feria-alcabama-atrae-lo-que-mereces-en-el-mercado-inmobiliario-colombiano\/#primaryimage\"},\"thumbnailUrl\":\"https:\/\/www.alcabama.com\/blog\/wp-content\/uploads\/2024\/05\/5.jpg\",\"articleSection\":[\"Vivienda\"],\"inLanguage\":\"es\"},{\"@type\":\"WebPage\",\"@id\":\"https:\/\/www.alcabama.com\/blog\/feria-alcabama-atrae-lo-que-mereces-en-el-mercado-inmobiliario-colombiano\/\",\"url\":\"https:\/\/www.alcabama.com\/blog\/feria-alcabama-atrae-lo-que-mereces-en-el-mercado-inmobiliario-colombiano\/\",\"name\":\"Feria Alcabama: Atrae lo que mereces en el mercado inmobiliario colombiano - Blog | Constructora Alcabama | Proyectos de Vivienda en Colombia\",\"isPartOf\":{\"@id\":\"https:\/\/www.alcabama.com\/blog\/#website\"},\"primaryImageOfPage\":{\"@id\":\"https:\/\/www.alcabama.com\/blog\/feria-alcabama-atrae-lo-que-mereces-en-el-mercado-inmobiliario-colombiano\/#primaryimage\"},\"image\":{\"@id\":\"https:\/\/www.alcabama.com\/blog\/feria-alcabama-atrae-lo-que-mereces-en-el-mercado-inmobiliario-colombiano\/#primaryimage\"},\"thumbnailUrl\":\"https:\/\/www.alcabama.com\/blog\/wp-content\/uploads\/2024\/05\/5.jpg\",\"datePublished\":\"2024-05-02T15:29:44+00:00\",\"dateModified\":\"2024-05-02T15:29:58+00:00\",\"breadcrumb\":{\"@id\":\"https:\/\/www.alcabama.com\/blog\/feria-alcabama-atrae-lo-que-mereces-en-el-mercado-inmobiliario-colombiano\/#breadcrumb\"},\"inLanguage\":\"es\",\"potentialAction\":[{\"@type\":\"ReadAction\",\"target\":[\"https:\/\/www.alcabama.com\/blog\/feria-alcabama-atrae-lo-que-mereces-en-el-mercado-inmobiliario-colombiano\/\"]}]},{\"@type\":\"ImageObject\",\"inLanguage\":\"es\",\"@id\":\"https:\/\/www.alcabama.com\/blog\/feria-alcabama-atrae-lo-que-mereces-en-el-mercado-inmobiliario-colombiano\/#primaryimage\",\"url\":\"https:\/\/www.alcabama.com\/blog\/wp-content\/uploads\/2024\/05\/5.jpg\",\"contentUrl\":\"https:\/\/www.alcabama.com\/blog\/wp-content\/uploads\/2024\/05\/5.jpg\",\"width\":1600,\"height\":900,\"caption\":\"Feria Alcabama - portada\"},{\"@type\":\"BreadcrumbList\",\"@id\":\"https:\/\/www.alcabama.com\/blog\/feria-alcabama-atrae-lo-que-mereces-en-el-mercado-inmobiliario-colombiano\/#breadcrumb\",\"itemListElement\":[{\"@type\":\"ListItem\",\"position\":1,\"name\":\"Portada\",\"item\":\"https:\/\/www.alcabama.com\/blog\/\"},{\"@type\":\"ListItem\",\"position\":2,\"name\":\"Feria Alcabama: Atrae lo que mereces en el mercado inmobiliario colombiano\"}]},{\"@type\":\"WebSite\",\"@id\":\"https:\/\/www.alcabama.com\/blog\/#website\",\"url\":\"https:\/\/www.alcabama.com\/blog\/\",\"name\":\"Blog | Constructora Alcabama | Proyectos de Vivienda en Colombia\",\"description\":\"\",\"publisher\":{\"@id\":\"https:\/\/www.alcabama.com\/blog\/#organization\"},\"potentialAction\":[{\"@type\":\"SearchAction\",\"target\":{\"@type\":\"EntryPoint\",\"urlTemplate\":\"https:\/\/www.alcabama.com\/blog\/?s={search_term_string}\"},\"query-input\":{\"@type\":\"PropertyValueSpecification\",\"valueRequired\":true,\"valueName\":\"search_term_string\"}}],\"inLanguage\":\"es\"},{\"@type\":\"Organization\",\"@id\":\"https:\/\/www.alcabama.com\/blog\/#organization\",\"name\":\"Blog | Constructora Alcabama | Proyectos de Vivienda en Colombia\",\"url\":\"https:\/\/www.alcabama.com\/blog\/\",\"logo\":{\"@type\":\"ImageObject\",\"inLanguage\":\"es\",\"@id\":\"https:\/\/www.alcabama.com\/blog\/#\/schema\/logo\/image\/\",\"url\":\"https:\/\/www.alcabama.com\/blog\/wp-content\/uploads\/2022\/02\/alcabama-new.png\",\"contentUrl\":\"https:\/\/www.alcabama.com\/blog\/wp-content\/uploads\/2022\/02\/alcabama-new.png\",\"width\":254,\"height\":126,\"caption\":\"Blog | Constructora Alcabama | Proyectos de Vivienda en Colombia\"},\"image\":{\"@id\":\"https:\/\/www.alcabama.com\/blog\/#\/schema\/logo\/image\/\"}},{\"@type\":\"Person\",\"@id\":\"https:\/\/www.alcabama.com\/blog\/#\/schema\/person\/7e96202d4be3b769af3ba5e6d90c741d\",\"name\":\"alcabamaweb\",\"sameAs\":[\"http:\/\/alcabama.com\/blog\"],\"url\":\"https:\/\/www.alcabama.com\/blog\/author\/alcabamaweb\/\"}]}<\/script>\n<!-- \/ Yoast SEO plugin. -->","yoast_head_json":{"title":"Feria Alcabama: Atrae lo que mereces en el mercado inmobiliario colombiano - Blog | Constructora Alcabama | Proyectos de Vivienda en Colombia","robots":{"index":"index","follow":"follow","max-snippet":"max-snippet:-1","max-image-preview":"max-image-preview:large","max-video-preview":"max-video-preview:-1"},"canonical":"https:\/\/www.alcabama.com\/blog\/feria-alcabama-atrae-lo-que-mereces-en-el-mercado-inmobiliario-colombiano\/","og_locale":"es_ES","og_type":"article","og_title":"Feria Alcabama: Atrae lo que mereces en el mercado inmobiliario colombiano - Blog | Constructora Alcabama | Proyectos de Vivienda en Colombia","og_description":"En el vertiginoso mundo de los bienes ra\u00edces en Colombia, la Feria Alcabama se destaca como un evento imperdible para ... Leer m\u00e1s","og_url":"https:\/\/www.alcabama.com\/blog\/feria-alcabama-atrae-lo-que-mereces-en-el-mercado-inmobiliario-colombiano\/","og_site_name":"Blog | Constructora Alcabama | Proyectos de Vivienda en Colombia","article_published_time":"2024-05-02T15:29:44+00:00","article_modified_time":"2024-05-02T15:29:58+00:00","og_image":[{"width":1600,"height":900,"url":"http:\/\/www.alcabama.com\/blog\/wp-content\/uploads\/2024\/05\/5.jpg","type":"image\/jpeg"}],"author":"alcabamaweb","twitter_card":"summary_large_image","twitter_misc":{"Escrito por":"alcabamaweb","Tiempo de lectura":"2 minutos"},"schema":{"@context":"https:\/\/schema.org","@graph":[{"@type":"Article","@id":"https:\/\/www.alcabama.com\/blog\/feria-alcabama-atrae-lo-que-mereces-en-el-mercado-inmobiliario-colombiano\/#article","isPartOf":{"@id":"https:\/\/www.alcabama.com\/blog\/feria-alcabama-atrae-lo-que-mereces-en-el-mercado-inmobiliario-colombiano\/"},"author":{"name":"alcabamaweb","@id":"https:\/\/www.alcabama.com\/blog\/#\/schema\/person\/7e96202d4be3b769af3ba5e6d90c741d"},"headline":"Feria Alcabama: Atrae lo que mereces en el mercado inmobiliario colombiano","datePublished":"2024-05-02T15:29:44+00:00","dateModified":"2024-05-02T15:29:58+00:00","mainEntityOfPage":{"@id":"https:\/\/www.alcabama.com\/blog\/feria-alcabama-atrae-lo-que-mereces-en-el-mercado-inmobiliario-colombiano\/"},"wordCount":362,"publisher":{"@id":"https:\/\/www.alcabama.com\/blog\/#organization"},"image":{"@id":"https:\/\/www.alcabama.com\/blog\/feria-alcabama-atrae-lo-que-mereces-en-el-mercado-inmobiliario-colombiano\/#primaryimage"},"thumbnailUrl":"https:\/\/www.alcabama.com\/blog\/wp-content\/uploads\/2024\/05\/5.jpg","articleSection":["Vivienda"],"inLanguage":"es"},{"@type":"WebPage","@id":"https:\/\/www.alcabama.com\/blog\/feria-alcabama-atrae-lo-que-mereces-en-el-mercado-inmobiliario-colombiano\/","url":"https:\/\/www.alcabama.com\/blog\/feria-alcabama-atrae-lo-que-mereces-en-el-mercado-inmobiliario-colombiano\/","name":"Feria Alcabama: Atrae lo que mereces en el mercado inmobiliario colombiano - Blog | Constructora Alcabama | Proyectos de Vivienda en Colombia","isPartOf":{"@id":"https:\/\/www.alcabama.com\/blog\/#website"},"primaryImageOfPage":{"@id":"https:\/\/www.alcabama.com\/blog\/feria-alcabama-atrae-lo-que-mereces-en-el-mercado-inmobiliario-colombiano\/#primaryimage"},"image":{"@id":"https:\/\/www.alcabama.com\/blog\/feria-alcabama-atrae-lo-que-mereces-en-el-mercado-inmobiliario-colombiano\/#primaryimage"},"thumbnailUrl":"https:\/\/www.alcabama.com\/blog\/wp-content\/uploads\/2024\/05\/5.jpg","datePublished":"2024-05-02T15:29:44+00:00","dateModified":"2024-05-02T15:29:58+00:00","breadcrumb":{"@id":"https:\/\/www.alcabama.com\/blog\/feria-alcabama-atrae-lo-que-mereces-en-el-mercado-inmobiliario-colombiano\/#breadcrumb"},"inLanguage":"es","potentialAction":[{"@type":"ReadAction","target":["https:\/\/www.alcabama.com\/blog\/feria-alcabama-atrae-lo-que-mereces-en-el-mercado-inmobiliario-colombiano\/"]}]},{"@type":"ImageObject","inLanguage":"es","@id":"https:\/\/www.alcabama.com\/blog\/feria-alcabama-atrae-lo-que-mereces-en-el-mercado-inmobiliario-colombiano\/#primaryimage","url":"https:\/\/www.alcabama.com\/blog\/wp-content\/uploads\/2024\/05\/5.jpg","contentUrl":"https:\/\/www.alcabama.com\/blog\/wp-content\/uploads\/2024\/05\/5.jpg","width":1600,"height":900,"caption":"Feria Alcabama - portada"},{"@type":"BreadcrumbList","@id":"https:\/\/www.alcabama.com\/blog\/feria-alcabama-atrae-lo-que-mereces-en-el-mercado-inmobiliario-colombiano\/#breadcrumb","itemListElement":[{"@type":"ListItem","position":1,"name":"Portada","item":"https:\/\/www.alcabama.com\/blog\/"},{"@type":"ListItem","position":2,"name":"Feria Alcabama: Atrae lo que mereces en el mercado inmobiliario colombiano"}]},{"@type":"WebSite","@id":"https:\/\/www.alcabama.com\/blog\/#website","url":"https:\/\/www.alcabama.com\/blog\/","name":"Blog | Constructora Alcabama | Proyectos de Vivienda en Colombia","description":"","publisher":{"@id":"https:\/\/www.alcabama.com\/blog\/#organization"},"potentialAction":[{"@type":"SearchAction","target":{"@type":"EntryPoint","urlTemplate":"https:\/\/www.alcabama.com\/blog\/?s={search_term_string}"},"query-input":{"@type":"PropertyValueSpecification","valueRequired":true,"valueName":"search_term_string"}}],"inLanguage":"es"},{"@type":"Organization","@id":"https:\/\/www.alcabama.com\/blog\/#organization","name":"Blog | Constructora Alcabama | Proyectos de Vivienda en Colombia","url":"https:\/\/www.alcabama.com\/blog\/","logo":{"@type":"ImageObject","inLanguage":"es","@id":"https:\/\/www.alcabama.com\/blog\/#\/schema\/logo\/image\/","url":"https:\/\/www.alcabama.com\/blog\/wp-content\/uploads\/2022\/02\/alcabama-new.png","contentUrl":"https:\/\/www.alcabama.com\/blog\/wp-content\/uploads\/2022\/02\/alcabama-new.png","width":254,"height":126,"caption":"Blog | Constructora Alcabama | Proyectos de Vivienda en Colombia"},"image":{"@id":"https:\/\/www.alcabama.com\/blog\/#\/schema\/logo\/image\/"}},{"@type":"Person","@id":"https:\/\/www.alcabama.com\/blog\/#\/schema\/person\/7e96202d4be3b769af3ba5e6d90c741d","name":"alcabamaweb","sameAs":["http:\/\/alcabama.com\/blog"],"url":"https:\/\/www.alcabama.com\/blog\/author\/alcabamaweb\/"}]}},"_links":{"self":[{"href":"https:\/\/www.alcabama.com\/blog\/wp-json\/wp\/v2\/posts\/666","targetHints":{"allow":["GET"]}}],"collection":[{"href":"https:\/\/www.alcabama.com\/blog\/wp-json\/wp\/v2\/posts"}],"about":[{"href":"https:\/\/www.alcabama.com\/blog\/wp-json\/wp\/v2\/types\/post"}],"author":[{"embeddable":true,"href":"https:\/\/www.alcabama.com\/blog\/wp-json\/wp\/v2\/users\/1"}],"replies":[{"embeddable":true,"href":"https:\/\/www.alcabama.com\/blog\/wp-json\/wp\/v2\/comments?post=666"}],"version-history":[{"count":2,"href":"https:\/\/www.alcabama.com\/blog\/wp-json\/wp\/v2\/posts\/666\/revisions"}],"predecessor-version":[{"id":670,"href":"https:\/\/www.alcabama.com\/blog\/wp-json\/wp\/v2\/posts\/666\/revisions\/670"}],"wp:featuredmedia":[{"embeddable":true,"href":"https:\/\/www.alcabama.com\/blog\/wp-json\/wp\/v2\/media\/667"}],"wp:attachment":[{"href":"https:\/\/www.alcabama.com\/blog\/wp-json\/wp\/v2\/media?parent=666"}],"wp:term":[{"taxonomy":"category","embeddable":true,"href":"https:\/\/www.alcabama.com\/blog\/wp-json\/wp\/v2\/categories?post=666"},{"taxonomy":"post_tag","embeddable":true,"href":"https:\/\/www.alcabama.com\/blog\/wp-json\/wp\/v2\/tags?post=666"}],"curies":[{"name":"wp","href":"https:\/\/api.w.org\/{rel}","templated":true}]}}