{"id":685,"date":"2024-06-25T11:30:53","date_gmt":"2024-06-25T16:30:53","guid":{"rendered":"https:\/\/www.alcabama.com\/blog\/?p=685"},"modified":"2024-06-25T11:30:54","modified_gmt":"2024-06-25T16:30:54","slug":"vive-la-cultura-y-las-fiestas-en-colombia-no-te-pierdas-estos-eventos-en-cundinamarca-y-aprovecha-para-decirle-si-a-tu-vivienda-propia","status":"publish","type":"post","link":"https:\/\/www.alcabama.com\/blog\/vive-la-cultura-y-las-fiestas-en-colombia-no-te-pierdas-estos-eventos-en-cundinamarca-y-aprovecha-para-decirle-si-a-tu-vivienda-propia\/","title":{"rendered":"\u00a1Vive la cultura y las fiestas en Colombia! No te pierdas estos eventos en Cundinamarca y aprovecha para decirle s\u00ed a tu vivienda propia"},"content":{"rendered":"\n<p><strong>\u00bfTe apasiona sumar experiencias, conocer sobre la cultura de las ciudades y vivir momentos inolvidables?<\/strong> \u00a1Este tiempo es la mejor oportunidad para disfrutar de unas vacaciones que sumen a tu proyecto de vida!\u00a0<strong>Desde Alcabama, te contamos sobre los eventos m\u00e1s destacados que se llevar\u00e1n a cabo en Zipaquir\u00e1, Girardot y Ricaurte a partir del 24 de junio y todo el mes de julio<\/strong> para que aproveches tu descanso el doble: conociendo tu nuevo apartamento y tambi\u00e9n gozando de actividades.<\/p>\n\n\n\n<p>En Colombia vivimos por estos d\u00edas una temporada de vacaciones y descanso, siendo el momento ideal para crear y vivir experiencias inolvidables <strong>para las familias que se conectan con una amplia gama de eventos que cautivan y deleitan con m\u00fasica, danza y gastronom\u00eda.\u00a0<\/strong><\/p>\n\n\n\n<p>Es el caso de los eventos que en junio y julio se desarrollan en Cundinamarca, exactamente en los municipios de Zipaquir\u00e1, Girardot y Ricaurte. <strong>Desde Alcabama, en aras de sumar valor a quienes visitan estas zonas, compartimos los principales eventos que se desarrollan en esta \u00e9poca.\u00a0<\/strong><\/p>\n\n\n\n<p>Adem\u00e1s, buscamos generar una experiencia dual que sume a su proyecto de vida, pues, por una parte, <strong>el turismo activa el desarrollo cultural <\/strong>y por otra, nuestros proyectos abren la oportunidad de hacer realidad el sue\u00f1o de vivienda propia en lugares con ubicaciones exclusivas.\u00a0<\/p>\n\n\n\n<p>Es por eso que quienes deseen visitar nuestras salas de ventas, tambi\u00e9n podr\u00e1n vivir experiencias tur\u00edsticas incre\u00edbles.&nbsp;<\/p>\n\n\n\n<h2 class=\"wp-block-heading\"><strong>Ricaurte:\u00a0<\/strong><\/h2>\n\n\n\n<p>Este municipio ser\u00e1 el epicentro de varios eventos culturales en el cierre de junio. Reuniendo una gran muestra cultural qu\u00e9 visitantes podr\u00e1n disfrutar:&nbsp;&nbsp;<\/p>\n\n\n\n<ul class=\"wp-block-list\">\n<li><strong>Festival de San Pedro &#8211; del 28 al 30 de junio:<\/strong> En el marco del festival San Pedrino de la regi\u00f3n, Ricaurte ha preparado varios eventos que llaman a visitantes a vivir una experiencia inolvidable y variada. Estos eventos son: el IV Concurso Municipal de Cultura y Turismo, el X Encuentro Municipal de Productores de Tamal y Lechona o el V Festival de R\u00edo y Concurso de Pesca Artesanal.<br><br>Adem\u00e1s de esta oferta cultural extensa en el marco de las fiestas de San Pedro, las familias podr\u00e1n encontrar su nuevo hogar visit\u00e1ndonos en la <strong>V\u00eda Melgar-Girardot Calle 10 #18-40,<\/strong> 900 metros adelante del Carulla de Pe\u00f1alisa, en una jornada de<strong> Lunes a Domingo de 9:00am a 5:00pm <\/strong>en la que sumar\u00e1n valor a su proyecto de vida.\u00a0<\/li>\n<\/ul>\n\n\n\n<h2 class=\"wp-block-heading\"><strong>Zipaquir\u00e1:<\/strong><\/h2>\n\n\n\n<p>Por su parte, la capital salinera de Colombia tendr\u00e1 para junio y julio actividades que alegrar\u00e1n a los visitantes. Estas son:&nbsp;<\/p>\n\n\n\n<ul class=\"wp-block-list\">\n<li><strong>El curso gratuito de pintura en acr\u00edlico con alto relieve &#8211; 3 de julio<\/strong>: Las inscripciones est\u00e1n abiertas hasta el 28 de junio para todos los interesados en La Casa de la Mujer:\u00a0 <a href=\"https:\/\/www.facebook.com\/photo\/?fbid=867005518795572&amp;set=a.396240699205392\">https:\/\/www.facebook.com\/photo\/?fbid=867005518795572&amp;set=a.396240699205392<\/a>\u00a0<\/li>\n\n\n\n<li><strong>Cumplea\u00f1os de la ciudad &#8211; 18 de julio:<\/strong> Este d\u00eda se celebrar\u00e1n los 424 a\u00f1os de historia de la capital salinera, en el marco de esta fecha habr\u00e1 desfiles, eventos culturales y otras actividades que podr\u00e1n aprovechar las familias visitantes.\u00a0<\/li>\n\n\n\n<li><strong>Inauguraci\u00f3n del nuevo museo subterr\u00e1neo de la Catedral de Sal de Zipaquir\u00e1: <\/strong>El pasado 31 de mayo se dio apertura a este lugar que tiene 11 obras esculpidas en m\u00e1rmol y otras 11 en roca de sal, la cual se podr\u00e1 visitar en esta majestuosa ciudad.<\/li>\n<\/ul>\n\n\n\n<p>Sumado a estos eventos, podr\u00e1n visitarnos en la Calle 8 # 31 &#8211; 03 a 5 min del C.C. Megacity para conocer el apartamento que m\u00e1s se acomoda a sus necesidades, tanto econ\u00f3micas como familiares.\u00a0<\/p>\n\n\n\n<h2 class=\"wp-block-heading\"><strong>Girardot:<\/strong><\/h2>\n\n\n\n<p>Por \u00faltimo, en Girardot, <strong>se desarrollar\u00e1 un evento deportivo que re\u00fane los mejores elementos del ADN colombiano.<\/strong><\/p>\n\n\n\n<ul class=\"wp-block-list\">\n<li><strong>Se trata de la XXXV versi\u00f3n del Festival Cl\u00e1sica Cicl\u00edstica Ciudad de Girardot &#8211; 4 al 7 de julio:<\/strong> una competencia hist\u00f3rica del ciclismo colombiano que atrae a propios y for\u00e1neos en la ciudad donde el ambiente de vacaciones se siente todos los d\u00edas.\u00a0<\/li>\n<\/ul>\n\n\n\n<p>Justo en esta ciudad, contamos con dos proyectos: Aqualina Blue y Aqualina Orange, donde las familias podr\u00e1n encontrar el apartamento que merecen, y as\u00ed vivir en un lugar de descanso, diversi\u00f3n y seguridad.&nbsp;<\/p>\n\n\n\n<p>En Alcabama, nos apasiona conectar a las personas con el estilo de vida que anhelan. <strong>Por eso, los invitamos a conocer nuestros proyectos inmobiliarios en Zipaquir\u00e1, Girardot y Ricaurte<\/strong>, donde pueden comprobar de primera mano la calidad, dise\u00f1o y comodidad de su nuevo hogar.\u00a0<\/p>\n\n\n\n<h2 class=\"wp-block-heading\"><strong>Descubre nuestras opciones:<\/strong><\/h2>\n\n\n\n<p><strong>Apartamentos modernos y funcionales: <\/strong>Dise\u00f1ados para brindarte el espacio y la comodidad que necesitas.<\/p>\n\n\n\n<p><strong>Ubicaci\u00f3n estrat\u00e9gica:<\/strong> Cerca de los principales eventos, centros comerciales, zonas verdes y v\u00edas de acceso.<\/p>\n\n\n\n<p>Asiste a los eventos m\u00e1s destacados de Cundinamarca y a su vez, conoce nuestros proyectos inmobiliarios <strong>\u00a1No pierdas la oportunidad de vivir la cultura colombiana y encontrar tu hogar ideal!<\/strong><br>Visita nuestra p\u00e1gina web o nuestras salas de ventas para recibir asesor\u00eda personalizada y conocer m\u00e1s sobre nuestros proyectos. <a href=\"http:\/\/www.alcabama.com\">www.alcabama.com<\/a>.<\/p>\n","protected":false},"excerpt":{"rendered":"<p>\u00bfTe apasiona sumar experiencias, conocer sobre la cultura de las ciudades y vivir momentos inolvidables? \u00a1Este tiempo es la mejor &#8230; <a title=\"\u00a1Vive la cultura y las fiestas en Colombia! No te pierdas estos eventos en Cundinamarca y aprovecha para decirle s\u00ed a tu vivienda propia\" class=\"read-more\" href=\"https:\/\/www.alcabama.com\/blog\/vive-la-cultura-y-las-fiestas-en-colombia-no-te-pierdas-estos-eventos-en-cundinamarca-y-aprovecha-para-decirle-si-a-tu-vivienda-propia\/\" aria-label=\"Leer m\u00e1s sobre \u00a1Vive la cultura y las fiestas en Colombia! No te pierdas estos eventos en Cundinamarca y aprovecha para decirle s\u00ed a tu vivienda propia\">Leer m\u00e1s<\/a><\/p>\n","protected":false},"author":1,"featured_media":686,"comment_status":"closed","ping_status":"closed","sticky":false,"template":"","format":"standard","meta":{"inline_featured_image":false,"footnotes":""},"categories":[1],"tags":[],"class_list":["post-685","post","type-post","status-publish","format-standard","has-post-thumbnail","hentry","category-sin-categoria"],"yoast_head":"<!-- This site is optimized with the Yoast SEO plugin v25.3 - https:\/\/yoast.com\/wordpress\/plugins\/seo\/ -->\n<title>\u00a1Vive la cultura y las fiestas en Colombia! No te pierdas estos eventos en Cundinamarca y aprovecha para decirle s\u00ed a tu vivienda propia - Blog | Constructora Alcabama | Proyectos de Vivienda en Colombia<\/title>\n<meta name=\"robots\" content=\"index, follow, max-snippet:-1, max-image-preview:large, max-video-preview:-1\" \/>\n<link rel=\"canonical\" href=\"https:\/\/www.alcabama.com\/blog\/vive-la-cultura-y-las-fiestas-en-colombia-no-te-pierdas-estos-eventos-en-cundinamarca-y-aprovecha-para-decirle-si-a-tu-vivienda-propia\/\" \/>\n<meta property=\"og:locale\" content=\"es_ES\" \/>\n<meta property=\"og:type\" content=\"article\" \/>\n<meta property=\"og:title\" content=\"\u00a1Vive la cultura y las fiestas en Colombia! No te pierdas estos eventos en Cundinamarca y aprovecha para decirle s\u00ed a tu vivienda propia - Blog | Constructora Alcabama | Proyectos de Vivienda en Colombia\" \/>\n<meta property=\"og:description\" content=\"\u00bfTe apasiona sumar experiencias, conocer sobre la cultura de las ciudades y vivir momentos inolvidables? \u00a1Este tiempo es la mejor ... Leer m\u00e1s\" \/>\n<meta property=\"og:url\" content=\"https:\/\/www.alcabama.com\/blog\/vive-la-cultura-y-las-fiestas-en-colombia-no-te-pierdas-estos-eventos-en-cundinamarca-y-aprovecha-para-decirle-si-a-tu-vivienda-propia\/\" \/>\n<meta property=\"og:site_name\" content=\"Blog | Constructora Alcabama | Proyectos de Vivienda en Colombia\" \/>\n<meta property=\"article:published_time\" content=\"2024-06-25T16:30:53+00:00\" \/>\n<meta property=\"article:modified_time\" content=\"2024-06-25T16:30:54+00:00\" \/>\n<meta property=\"og:image\" content=\"http:\/\/www.alcabama.com\/blog\/wp-content\/uploads\/2024\/06\/pexels-jimmy-casas-ospina-318038703-13653677-scaled.jpg\" \/>\n\t<meta property=\"og:image:width\" content=\"2560\" \/>\n\t<meta property=\"og:image:height\" content=\"1709\" \/>\n\t<meta property=\"og:image:type\" content=\"image\/jpeg\" \/>\n<meta name=\"author\" content=\"alcabamaweb\" \/>\n<meta name=\"twitter:card\" content=\"summary_large_image\" \/>\n<meta name=\"twitter:label1\" content=\"Escrito por\" \/>\n\t<meta name=\"twitter:data1\" content=\"alcabamaweb\" \/>\n\t<meta name=\"twitter:label2\" content=\"Tiempo de lectura\" \/>\n\t<meta name=\"twitter:data2\" content=\"4 minutos\" \/>\n<script type=\"application\/ld+json\" class=\"yoast-schema-graph\">{\"@context\":\"https:\/\/schema.org\",\"@graph\":[{\"@type\":\"Article\",\"@id\":\"https:\/\/www.alcabama.com\/blog\/vive-la-cultura-y-las-fiestas-en-colombia-no-te-pierdas-estos-eventos-en-cundinamarca-y-aprovecha-para-decirle-si-a-tu-vivienda-propia\/#article\",\"isPartOf\":{\"@id\":\"https:\/\/www.alcabama.com\/blog\/vive-la-cultura-y-las-fiestas-en-colombia-no-te-pierdas-estos-eventos-en-cundinamarca-y-aprovecha-para-decirle-si-a-tu-vivienda-propia\/\"},\"author\":{\"name\":\"alcabamaweb\",\"@id\":\"https:\/\/www.alcabama.com\/blog\/#\/schema\/person\/7e96202d4be3b769af3ba5e6d90c741d\"},\"headline\":\"\u00a1Vive la cultura y las fiestas en Colombia! No te pierdas estos eventos en Cundinamarca y aprovecha para decirle s\u00ed a tu vivienda propia\",\"datePublished\":\"2024-06-25T16:30:53+00:00\",\"dateModified\":\"2024-06-25T16:30:54+00:00\",\"mainEntityOfPage\":{\"@id\":\"https:\/\/www.alcabama.com\/blog\/vive-la-cultura-y-las-fiestas-en-colombia-no-te-pierdas-estos-eventos-en-cundinamarca-y-aprovecha-para-decirle-si-a-tu-vivienda-propia\/\"},\"wordCount\":853,\"publisher\":{\"@id\":\"https:\/\/www.alcabama.com\/blog\/#organization\"},\"image\":{\"@id\":\"https:\/\/www.alcabama.com\/blog\/vive-la-cultura-y-las-fiestas-en-colombia-no-te-pierdas-estos-eventos-en-cundinamarca-y-aprovecha-para-decirle-si-a-tu-vivienda-propia\/#primaryimage\"},\"thumbnailUrl\":\"https:\/\/www.alcabama.com\/blog\/wp-content\/uploads\/2024\/06\/pexels-jimmy-casas-ospina-318038703-13653677-scaled.jpg\",\"articleSection\":[\"Vivienda\"],\"inLanguage\":\"es\"},{\"@type\":\"WebPage\",\"@id\":\"https:\/\/www.alcabama.com\/blog\/vive-la-cultura-y-las-fiestas-en-colombia-no-te-pierdas-estos-eventos-en-cundinamarca-y-aprovecha-para-decirle-si-a-tu-vivienda-propia\/\",\"url\":\"https:\/\/www.alcabama.com\/blog\/vive-la-cultura-y-las-fiestas-en-colombia-no-te-pierdas-estos-eventos-en-cundinamarca-y-aprovecha-para-decirle-si-a-tu-vivienda-propia\/\",\"name\":\"\u00a1Vive la cultura y las fiestas en Colombia! No te pierdas estos eventos en Cundinamarca y aprovecha para decirle s\u00ed a tu vivienda propia - Blog | Constructora Alcabama | Proyectos de Vivienda en Colombia\",\"isPartOf\":{\"@id\":\"https:\/\/www.alcabama.com\/blog\/#website\"},\"primaryImageOfPage\":{\"@id\":\"https:\/\/www.alcabama.com\/blog\/vive-la-cultura-y-las-fiestas-en-colombia-no-te-pierdas-estos-eventos-en-cundinamarca-y-aprovecha-para-decirle-si-a-tu-vivienda-propia\/#primaryimage\"},\"image\":{\"@id\":\"https:\/\/www.alcabama.com\/blog\/vive-la-cultura-y-las-fiestas-en-colombia-no-te-pierdas-estos-eventos-en-cundinamarca-y-aprovecha-para-decirle-si-a-tu-vivienda-propia\/#primaryimage\"},\"thumbnailUrl\":\"https:\/\/www.alcabama.com\/blog\/wp-content\/uploads\/2024\/06\/pexels-jimmy-casas-ospina-318038703-13653677-scaled.jpg\",\"datePublished\":\"2024-06-25T16:30:53+00:00\",\"dateModified\":\"2024-06-25T16:30:54+00:00\",\"breadcrumb\":{\"@id\":\"https:\/\/www.alcabama.com\/blog\/vive-la-cultura-y-las-fiestas-en-colombia-no-te-pierdas-estos-eventos-en-cundinamarca-y-aprovecha-para-decirle-si-a-tu-vivienda-propia\/#breadcrumb\"},\"inLanguage\":\"es\",\"potentialAction\":[{\"@type\":\"ReadAction\",\"target\":[\"https:\/\/www.alcabama.com\/blog\/vive-la-cultura-y-las-fiestas-en-colombia-no-te-pierdas-estos-eventos-en-cundinamarca-y-aprovecha-para-decirle-si-a-tu-vivienda-propia\/\"]}]},{\"@type\":\"ImageObject\",\"inLanguage\":\"es\",\"@id\":\"https:\/\/www.alcabama.com\/blog\/vive-la-cultura-y-las-fiestas-en-colombia-no-te-pierdas-estos-eventos-en-cundinamarca-y-aprovecha-para-decirle-si-a-tu-vivienda-propia\/#primaryimage\",\"url\":\"https:\/\/www.alcabama.com\/blog\/wp-content\/uploads\/2024\/06\/pexels-jimmy-casas-ospina-318038703-13653677-scaled.jpg\",\"contentUrl\":\"https:\/\/www.alcabama.com\/blog\/wp-content\/uploads\/2024\/06\/pexels-jimmy-casas-ospina-318038703-13653677-scaled.jpg\",\"width\":2560,\"height\":1709,\"caption\":\"Foto de Jimmy Casas ospina de Pexels: https:\/\/www.pexels.com\/es-es\/foto\/festival-bailando-musica-colorido-13653677\/\"},{\"@type\":\"BreadcrumbList\",\"@id\":\"https:\/\/www.alcabama.com\/blog\/vive-la-cultura-y-las-fiestas-en-colombia-no-te-pierdas-estos-eventos-en-cundinamarca-y-aprovecha-para-decirle-si-a-tu-vivienda-propia\/#breadcrumb\",\"itemListElement\":[{\"@type\":\"ListItem\",\"position\":1,\"name\":\"Portada\",\"item\":\"https:\/\/www.alcabama.com\/blog\/\"},{\"@type\":\"ListItem\",\"position\":2,\"name\":\"\u00a1Vive la cultura y las fiestas en Colombia! No te pierdas estos eventos en Cundinamarca y aprovecha para decirle s\u00ed a tu vivienda propia\"}]},{\"@type\":\"WebSite\",\"@id\":\"https:\/\/www.alcabama.com\/blog\/#website\",\"url\":\"https:\/\/www.alcabama.com\/blog\/\",\"name\":\"Blog | Constructora Alcabama | Proyectos de Vivienda en Colombia\",\"description\":\"\",\"publisher\":{\"@id\":\"https:\/\/www.alcabama.com\/blog\/#organization\"},\"potentialAction\":[{\"@type\":\"SearchAction\",\"target\":{\"@type\":\"EntryPoint\",\"urlTemplate\":\"https:\/\/www.alcabama.com\/blog\/?s={search_term_string}\"},\"query-input\":{\"@type\":\"PropertyValueSpecification\",\"valueRequired\":true,\"valueName\":\"search_term_string\"}}],\"inLanguage\":\"es\"},{\"@type\":\"Organization\",\"@id\":\"https:\/\/www.alcabama.com\/blog\/#organization\",\"name\":\"Blog | Constructora Alcabama | Proyectos de Vivienda en Colombia\",\"url\":\"https:\/\/www.alcabama.com\/blog\/\",\"logo\":{\"@type\":\"ImageObject\",\"inLanguage\":\"es\",\"@id\":\"https:\/\/www.alcabama.com\/blog\/#\/schema\/logo\/image\/\",\"url\":\"https:\/\/www.alcabama.com\/blog\/wp-content\/uploads\/2022\/02\/alcabama-new.png\",\"contentUrl\":\"https:\/\/www.alcabama.com\/blog\/wp-content\/uploads\/2022\/02\/alcabama-new.png\",\"width\":254,\"height\":126,\"caption\":\"Blog | Constructora Alcabama | Proyectos de Vivienda en Colombia\"},\"image\":{\"@id\":\"https:\/\/www.alcabama.com\/blog\/#\/schema\/logo\/image\/\"}},{\"@type\":\"Person\",\"@id\":\"https:\/\/www.alcabama.com\/blog\/#\/schema\/person\/7e96202d4be3b769af3ba5e6d90c741d\",\"name\":\"alcabamaweb\",\"sameAs\":[\"http:\/\/alcabama.com\/blog\"],\"url\":\"https:\/\/www.alcabama.com\/blog\/author\/alcabamaweb\/\"}]}<\/script>\n<!-- \/ Yoast SEO plugin. -->","yoast_head_json":{"title":"\u00a1Vive la cultura y las fiestas en Colombia! No te pierdas estos eventos en Cundinamarca y aprovecha para decirle s\u00ed a tu vivienda propia - Blog | Constructora Alcabama | Proyectos de Vivienda en Colombia","robots":{"index":"index","follow":"follow","max-snippet":"max-snippet:-1","max-image-preview":"max-image-preview:large","max-video-preview":"max-video-preview:-1"},"canonical":"https:\/\/www.alcabama.com\/blog\/vive-la-cultura-y-las-fiestas-en-colombia-no-te-pierdas-estos-eventos-en-cundinamarca-y-aprovecha-para-decirle-si-a-tu-vivienda-propia\/","og_locale":"es_ES","og_type":"article","og_title":"\u00a1Vive la cultura y las fiestas en Colombia! No te pierdas estos eventos en Cundinamarca y aprovecha para decirle s\u00ed a tu vivienda propia - Blog | Constructora Alcabama | Proyectos de Vivienda en Colombia","og_description":"\u00bfTe apasiona sumar experiencias, conocer sobre la cultura de las ciudades y vivir momentos inolvidables? \u00a1Este tiempo es la mejor ... Leer m\u00e1s","og_url":"https:\/\/www.alcabama.com\/blog\/vive-la-cultura-y-las-fiestas-en-colombia-no-te-pierdas-estos-eventos-en-cundinamarca-y-aprovecha-para-decirle-si-a-tu-vivienda-propia\/","og_site_name":"Blog | Constructora Alcabama | Proyectos de Vivienda en Colombia","article_published_time":"2024-06-25T16:30:53+00:00","article_modified_time":"2024-06-25T16:30:54+00:00","og_image":[{"width":2560,"height":1709,"url":"http:\/\/www.alcabama.com\/blog\/wp-content\/uploads\/2024\/06\/pexels-jimmy-casas-ospina-318038703-13653677-scaled.jpg","type":"image\/jpeg"}],"author":"alcabamaweb","twitter_card":"summary_large_image","twitter_misc":{"Escrito por":"alcabamaweb","Tiempo de lectura":"4 minutos"},"schema":{"@context":"https:\/\/schema.org","@graph":[{"@type":"Article","@id":"https:\/\/www.alcabama.com\/blog\/vive-la-cultura-y-las-fiestas-en-colombia-no-te-pierdas-estos-eventos-en-cundinamarca-y-aprovecha-para-decirle-si-a-tu-vivienda-propia\/#article","isPartOf":{"@id":"https:\/\/www.alcabama.com\/blog\/vive-la-cultura-y-las-fiestas-en-colombia-no-te-pierdas-estos-eventos-en-cundinamarca-y-aprovecha-para-decirle-si-a-tu-vivienda-propia\/"},"author":{"name":"alcabamaweb","@id":"https:\/\/www.alcabama.com\/blog\/#\/schema\/person\/7e96202d4be3b769af3ba5e6d90c741d"},"headline":"\u00a1Vive la cultura y las fiestas en Colombia! No te pierdas estos eventos en Cundinamarca y aprovecha para decirle s\u00ed a tu vivienda propia","datePublished":"2024-06-25T16:30:53+00:00","dateModified":"2024-06-25T16:30:54+00:00","mainEntityOfPage":{"@id":"https:\/\/www.alcabama.com\/blog\/vive-la-cultura-y-las-fiestas-en-colombia-no-te-pierdas-estos-eventos-en-cundinamarca-y-aprovecha-para-decirle-si-a-tu-vivienda-propia\/"},"wordCount":853,"publisher":{"@id":"https:\/\/www.alcabama.com\/blog\/#organization"},"image":{"@id":"https:\/\/www.alcabama.com\/blog\/vive-la-cultura-y-las-fiestas-en-colombia-no-te-pierdas-estos-eventos-en-cundinamarca-y-aprovecha-para-decirle-si-a-tu-vivienda-propia\/#primaryimage"},"thumbnailUrl":"https:\/\/www.alcabama.com\/blog\/wp-content\/uploads\/2024\/06\/pexels-jimmy-casas-ospina-318038703-13653677-scaled.jpg","articleSection":["Vivienda"],"inLanguage":"es"},{"@type":"WebPage","@id":"https:\/\/www.alcabama.com\/blog\/vive-la-cultura-y-las-fiestas-en-colombia-no-te-pierdas-estos-eventos-en-cundinamarca-y-aprovecha-para-decirle-si-a-tu-vivienda-propia\/","url":"https:\/\/www.alcabama.com\/blog\/vive-la-cultura-y-las-fiestas-en-colombia-no-te-pierdas-estos-eventos-en-cundinamarca-y-aprovecha-para-decirle-si-a-tu-vivienda-propia\/","name":"\u00a1Vive la cultura y las fiestas en Colombia! No te pierdas estos eventos en Cundinamarca y aprovecha para decirle s\u00ed a tu vivienda propia - Blog | Constructora Alcabama | Proyectos de Vivienda en Colombia","isPartOf":{"@id":"https:\/\/www.alcabama.com\/blog\/#website"},"primaryImageOfPage":{"@id":"https:\/\/www.alcabama.com\/blog\/vive-la-cultura-y-las-fiestas-en-colombia-no-te-pierdas-estos-eventos-en-cundinamarca-y-aprovecha-para-decirle-si-a-tu-vivienda-propia\/#primaryimage"},"image":{"@id":"https:\/\/www.alcabama.com\/blog\/vive-la-cultura-y-las-fiestas-en-colombia-no-te-pierdas-estos-eventos-en-cundinamarca-y-aprovecha-para-decirle-si-a-tu-vivienda-propia\/#primaryimage"},"thumbnailUrl":"https:\/\/www.alcabama.com\/blog\/wp-content\/uploads\/2024\/06\/pexels-jimmy-casas-ospina-318038703-13653677-scaled.jpg","datePublished":"2024-06-25T16:30:53+00:00","dateModified":"2024-06-25T16:30:54+00:00","breadcrumb":{"@id":"https:\/\/www.alcabama.com\/blog\/vive-la-cultura-y-las-fiestas-en-colombia-no-te-pierdas-estos-eventos-en-cundinamarca-y-aprovecha-para-decirle-si-a-tu-vivienda-propia\/#breadcrumb"},"inLanguage":"es","potentialAction":[{"@type":"ReadAction","target":["https:\/\/www.alcabama.com\/blog\/vive-la-cultura-y-las-fiestas-en-colombia-no-te-pierdas-estos-eventos-en-cundinamarca-y-aprovecha-para-decirle-si-a-tu-vivienda-propia\/"]}]},{"@type":"ImageObject","inLanguage":"es","@id":"https:\/\/www.alcabama.com\/blog\/vive-la-cultura-y-las-fiestas-en-colombia-no-te-pierdas-estos-eventos-en-cundinamarca-y-aprovecha-para-decirle-si-a-tu-vivienda-propia\/#primaryimage","url":"https:\/\/www.alcabama.com\/blog\/wp-content\/uploads\/2024\/06\/pexels-jimmy-casas-ospina-318038703-13653677-scaled.jpg","contentUrl":"https:\/\/www.alcabama.com\/blog\/wp-content\/uploads\/2024\/06\/pexels-jimmy-casas-ospina-318038703-13653677-scaled.jpg","width":2560,"height":1709,"caption":"Foto de Jimmy Casas ospina de Pexels: https:\/\/www.pexels.com\/es-es\/foto\/festival-bailando-musica-colorido-13653677\/"},{"@type":"BreadcrumbList","@id":"https:\/\/www.alcabama.com\/blog\/vive-la-cultura-y-las-fiestas-en-colombia-no-te-pierdas-estos-eventos-en-cundinamarca-y-aprovecha-para-decirle-si-a-tu-vivienda-propia\/#breadcrumb","itemListElement":[{"@type":"ListItem","position":1,"name":"Portada","item":"https:\/\/www.alcabama.com\/blog\/"},{"@type":"ListItem","position":2,"name":"\u00a1Vive la cultura y las fiestas en Colombia! No te pierdas estos eventos en Cundinamarca y aprovecha para decirle s\u00ed a tu vivienda propia"}]},{"@type":"WebSite","@id":"https:\/\/www.alcabama.com\/blog\/#website","url":"https:\/\/www.alcabama.com\/blog\/","name":"Blog | Constructora Alcabama | Proyectos de Vivienda en Colombia","description":"","publisher":{"@id":"https:\/\/www.alcabama.com\/blog\/#organization"},"potentialAction":[{"@type":"SearchAction","target":{"@type":"EntryPoint","urlTemplate":"https:\/\/www.alcabama.com\/blog\/?s={search_term_string}"},"query-input":{"@type":"PropertyValueSpecification","valueRequired":true,"valueName":"search_term_string"}}],"inLanguage":"es"},{"@type":"Organization","@id":"https:\/\/www.alcabama.com\/blog\/#organization","name":"Blog | Constructora Alcabama | Proyectos de Vivienda en Colombia","url":"https:\/\/www.alcabama.com\/blog\/","logo":{"@type":"ImageObject","inLanguage":"es","@id":"https:\/\/www.alcabama.com\/blog\/#\/schema\/logo\/image\/","url":"https:\/\/www.alcabama.com\/blog\/wp-content\/uploads\/2022\/02\/alcabama-new.png","contentUrl":"https:\/\/www.alcabama.com\/blog\/wp-content\/uploads\/2022\/02\/alcabama-new.png","width":254,"height":126,"caption":"Blog | Constructora Alcabama | Proyectos de Vivienda en Colombia"},"image":{"@id":"https:\/\/www.alcabama.com\/blog\/#\/schema\/logo\/image\/"}},{"@type":"Person","@id":"https:\/\/www.alcabama.com\/blog\/#\/schema\/person\/7e96202d4be3b769af3ba5e6d90c741d","name":"alcabamaweb","sameAs":["http:\/\/alcabama.com\/blog"],"url":"https:\/\/www.alcabama.com\/blog\/author\/alcabamaweb\/"}]}},"_links":{"self":[{"href":"https:\/\/www.alcabama.com\/blog\/wp-json\/wp\/v2\/posts\/685","targetHints":{"allow":["GET"]}}],"collection":[{"href":"https:\/\/www.alcabama.com\/blog\/wp-json\/wp\/v2\/posts"}],"about":[{"href":"https:\/\/www.alcabama.com\/blog\/wp-json\/wp\/v2\/types\/post"}],"author":[{"embeddable":true,"href":"https:\/\/www.alcabama.com\/blog\/wp-json\/wp\/v2\/users\/1"}],"replies":[{"embeddable":true,"href":"https:\/\/www.alcabama.com\/blog\/wp-json\/wp\/v2\/comments?post=685"}],"version-history":[{"count":1,"href":"https:\/\/www.alcabama.com\/blog\/wp-json\/wp\/v2\/posts\/685\/revisions"}],"predecessor-version":[{"id":687,"href":"https:\/\/www.alcabama.com\/blog\/wp-json\/wp\/v2\/posts\/685\/revisions\/687"}],"wp:featuredmedia":[{"embeddable":true,"href":"https:\/\/www.alcabama.com\/blog\/wp-json\/wp\/v2\/media\/686"}],"wp:attachment":[{"href":"https:\/\/www.alcabama.com\/blog\/wp-json\/wp\/v2\/media?parent=685"}],"wp:term":[{"taxonomy":"category","embeddable":true,"href":"https:\/\/www.alcabama.com\/blog\/wp-json\/wp\/v2\/categories?post=685"},{"taxonomy":"post_tag","embeddable":true,"href":"https:\/\/www.alcabama.com\/blog\/wp-json\/wp\/v2\/tags?post=685"}],"curies":[{"name":"wp","href":"https:\/\/api.w.org\/{rel}","templated":true}]}}