{"id":701,"date":"2024-09-05T16:35:38","date_gmt":"2024-09-05T21:35:38","guid":{"rendered":"https:\/\/www.alcabama.com\/blog\/?p=701"},"modified":"2024-09-09T11:46:40","modified_gmt":"2024-09-09T16:46:40","slug":"tendencias-de-espacios-multifuncionales-en-2024","status":"publish","type":"post","link":"https:\/\/www.alcabama.com\/blog\/tendencias-de-espacios-multifuncionales-en-2024\/","title":{"rendered":"Tendencias de Espacios Multifuncionales en 2024"},"content":{"rendered":"<p>\n\n\n\n<\/p>\n<p>\n\n\n<\/p>\n<p>\n\n\n<\/p>\n<p>\n\n\n<\/p>\n<p><strong>En el a\u00f1o 2024, se pretende mejorar la eficiencia de los espacios en la distribuci\u00f3n de apartamentos sin sacrificar su estilo. <\/strong>Particularmente en los proyectos de viviendas y negocios, se puede observar esta inclinaci\u00f3n hacia la creaci\u00f3n de espacios vers\u00e1tiles capaces de ajustarse a las necesidades de quienes los utilizan.<\/p>\n<p>\n\n\n<\/p>\n<p>\n\n\n<\/p>\n<p><strong>Ankara, un proyecto que ejemplifica perfectamente esta tendencia, est\u00e1 convenientemente ubicado en Bogot\u00e1 cerca de la estaci\u00f3n de TransMilenio Madelena.<\/strong> Ankara cuenta con apartamentos de 42m\u00b2 que adem\u00e1s de ofrecerte una excelente conectividad, cuentan con una distribuci\u00f3n inteligente para aprovechar al m\u00e1ximo cada metro cuadrado disponible. <strong>Gracias al dise\u00f1o flexible de los espacios, los residentes pueden adaptar su hogar a sus actividades diarias, ya sea trabajar o recibir invitados.<\/strong><\/p>\n<p>\n\n\n<\/p>\n<p>\n\n\n<\/p>\n<p>Bellaluna en Fontib\u00f3n destaca por sus m\u00e1s de 15 zonas sociales y su extensa \u00e1rea verde de 18,000m\u00b2, adem\u00e1s de contar con los apartamentos VIS m\u00e1s grandes de la zona. <strong>Esta iniciativa demuestra c\u00f3mo los espacios compartidos pueden lograr diferentes metas,<\/strong> desde promover la actividad f\u00edsica hasta brindar momentos de entretenimiento y diversi\u00f3n, contribuyendo as\u00ed a una vida comunitaria din\u00e1mica y activa.<\/p>\n<p>\n\n\n<\/p>\n<p>\n\n\n<\/p>\n<p><strong>Una de las caracter\u00edsticas destacadas de Magnolias, el proyecto situado en Zipaquir\u00e1, es su eficiente distribuci\u00f3n del espacio.<\/strong> En Magnolias, contamos con apartamentos de 60,84m\u00b2 y brindan una relaci\u00f3n calidad-precio excepcional. Adicionalmente, su ubicaci\u00f3n est\u00e1 en una zona que tiene un alto valor a\u00f1adido. Si est\u00e1s en la b\u00fasqueda de una vivienda que se pueda ajustar a tus necesidades variables, este proyecto resulta ideal para ti. Brinda opciones como convertir las habitaciones en oficinas o \u00e1reas de entretenimiento.<\/p>\n<p>\n\n\n<\/p>\n<p>\n\n\n<\/p>\n<p>Estos proyectos muestran que el enfoque hacia la distribuci\u00f3n de apartamentos del futuro se centra en la creaci\u00f3n de espacios que satisfagan no solo los criterios est\u00e9ticos, sino tambi\u00e9n las necesidades cambiantes y vers\u00e1tiles del estilo de vida moderno. <strong>En la arquitectura contempor\u00e1nea, los espacios multifuncionales se han convertido en una necesidad m\u00e1s que en una tendencia para el a\u00f1o 2024.<br \/><\/strong><br \/>Conoce m\u00e1s aqu\u00ed:<a href=\" https:\/\/www.alcabama.com\/\u00a0\"> https:\/\/www.alcabama.com\/<\/a><\/p>\n<p>\n\n\n<\/p>\n<p>\n\n\n<\/p>\n<p>\n\n\n<\/p>\n\n<figure class=\"wp-block-post-featured-image\"><img fetchpriority=\"high\" decoding=\"async\" width=\"2560\" height=\"1327\" src=\"https:\/\/www.alcabama.com\/blog\/wp-content\/uploads\/2024\/09\/shutterstock_1577663560-1-scaled.jpg\" class=\"attachment-post-thumbnail size-post-thumbnail wp-post-image\" alt=\"\" style=\"object-fit:cover;\" srcset=\"https:\/\/www.alcabama.com\/blog\/wp-content\/uploads\/2024\/09\/shutterstock_1577663560-1-scaled.jpg 2560w, https:\/\/www.alcabama.com\/blog\/wp-content\/uploads\/2024\/09\/shutterstock_1577663560-1-300x155.jpg 300w, https:\/\/www.alcabama.com\/blog\/wp-content\/uploads\/2024\/09\/shutterstock_1577663560-1-1024x531.jpg 1024w, https:\/\/www.alcabama.com\/blog\/wp-content\/uploads\/2024\/09\/shutterstock_1577663560-1-768x398.jpg 768w, https:\/\/www.alcabama.com\/blog\/wp-content\/uploads\/2024\/09\/shutterstock_1577663560-1-1536x796.jpg 1536w, https:\/\/www.alcabama.com\/blog\/wp-content\/uploads\/2024\/09\/shutterstock_1577663560-1-2048x1061.jpg 2048w\" sizes=\"(max-width: 2560px) 100vw, 2560px\" \/><\/figure>","protected":false},"excerpt":{"rendered":"<p>En el a\u00f1o 2024, se pretende mejorar la eficiencia de los espacios en la distribuci\u00f3n de apartamentos sin sacrificar su &#8230; <a title=\"Tendencias de Espacios Multifuncionales en 2024\" class=\"read-more\" href=\"https:\/\/www.alcabama.com\/blog\/tendencias-de-espacios-multifuncionales-en-2024\/\" aria-label=\"Leer m\u00e1s sobre Tendencias de Espacios Multifuncionales en 2024\">Leer m\u00e1s<\/a><\/p>\n","protected":false},"author":1,"featured_media":705,"comment_status":"closed","ping_status":"closed","sticky":false,"template":"","format":"standard","meta":{"inline_featured_image":false,"footnotes":""},"categories":[9,10,12,1],"tags":[18,20,19],"class_list":["post-701","post","type-post","status-publish","format-standard","has-post-thumbnail","hentry","category-consejos-de-vivienda","category-proyectos-de-vivienda","category-tendencias","category-sin-categoria","tag-distribucion-de-apartamentos","tag-funcionalidad","tag-tendencias-2024"],"yoast_head":"<!-- This site is optimized with the Yoast SEO plugin v25.3 - https:\/\/yoast.com\/wordpress\/plugins\/seo\/ -->\n<title>Tendencias de Espacios Multifuncionales en 2024 - Blog | Constructora Alcabama | Proyectos de Vivienda en Colombia<\/title>\n<meta name=\"robots\" content=\"index, follow, max-snippet:-1, max-image-preview:large, max-video-preview:-1\" \/>\n<link rel=\"canonical\" href=\"https:\/\/www.alcabama.com\/blog\/tendencias-de-espacios-multifuncionales-en-2024\/\" \/>\n<meta property=\"og:locale\" content=\"es_ES\" \/>\n<meta property=\"og:type\" content=\"article\" \/>\n<meta property=\"og:title\" content=\"Tendencias de Espacios Multifuncionales en 2024 - Blog | Constructora Alcabama | Proyectos de Vivienda en Colombia\" \/>\n<meta property=\"og:description\" content=\"En el a\u00f1o 2024, se pretende mejorar la eficiencia de los espacios en la distribuci\u00f3n de apartamentos sin sacrificar su ... Leer m\u00e1s\" \/>\n<meta property=\"og:url\" content=\"https:\/\/www.alcabama.com\/blog\/tendencias-de-espacios-multifuncionales-en-2024\/\" \/>\n<meta property=\"og:site_name\" content=\"Blog | Constructora Alcabama | Proyectos de Vivienda en Colombia\" \/>\n<meta property=\"article:published_time\" content=\"2024-09-05T21:35:38+00:00\" \/>\n<meta property=\"article:modified_time\" content=\"2024-09-09T16:46:40+00:00\" \/>\n<meta property=\"og:image\" content=\"http:\/\/www.alcabama.com\/blog\/wp-content\/uploads\/2024\/09\/shutterstock_1577663560-1-scaled.jpg\" \/>\n\t<meta property=\"og:image:width\" content=\"2560\" \/>\n\t<meta property=\"og:image:height\" content=\"1327\" \/>\n\t<meta property=\"og:image:type\" content=\"image\/jpeg\" \/>\n<meta name=\"author\" content=\"alcabamaweb\" \/>\n<meta name=\"twitter:card\" content=\"summary_large_image\" \/>\n<meta name=\"twitter:label1\" content=\"Escrito por\" \/>\n\t<meta name=\"twitter:data1\" content=\"alcabamaweb\" \/>\n\t<meta name=\"twitter:label2\" content=\"Tiempo de lectura\" \/>\n\t<meta name=\"twitter:data2\" content=\"2 minutos\" \/>\n<script type=\"application\/ld+json\" class=\"yoast-schema-graph\">{\"@context\":\"https:\/\/schema.org\",\"@graph\":[{\"@type\":\"Article\",\"@id\":\"https:\/\/www.alcabama.com\/blog\/tendencias-de-espacios-multifuncionales-en-2024\/#article\",\"isPartOf\":{\"@id\":\"https:\/\/www.alcabama.com\/blog\/tendencias-de-espacios-multifuncionales-en-2024\/\"},\"author\":{\"name\":\"alcabamaweb\",\"@id\":\"https:\/\/www.alcabama.com\/blog\/#\/schema\/person\/7e96202d4be3b769af3ba5e6d90c741d\"},\"headline\":\"Tendencias de Espacios Multifuncionales en 2024\",\"datePublished\":\"2024-09-05T21:35:38+00:00\",\"dateModified\":\"2024-09-09T16:46:40+00:00\",\"mainEntityOfPage\":{\"@id\":\"https:\/\/www.alcabama.com\/blog\/tendencias-de-espacios-multifuncionales-en-2024\/\"},\"wordCount\":363,\"publisher\":{\"@id\":\"https:\/\/www.alcabama.com\/blog\/#organization\"},\"image\":{\"@id\":\"https:\/\/www.alcabama.com\/blog\/tendencias-de-espacios-multifuncionales-en-2024\/#primaryimage\"},\"thumbnailUrl\":\"https:\/\/www.alcabama.com\/blog\/wp-content\/uploads\/2024\/09\/shutterstock_1577663560-1-scaled.jpg\",\"keywords\":[\"distribuci\u00f3n de apartamentos\",\"funcionalidad\",\"tendencias 2024\"],\"articleSection\":[\"Consejos de vivienda\",\"Proyectos de vivienda\",\"Tendencias\",\"Vivienda\"],\"inLanguage\":\"es\"},{\"@type\":\"WebPage\",\"@id\":\"https:\/\/www.alcabama.com\/blog\/tendencias-de-espacios-multifuncionales-en-2024\/\",\"url\":\"https:\/\/www.alcabama.com\/blog\/tendencias-de-espacios-multifuncionales-en-2024\/\",\"name\":\"Tendencias de Espacios Multifuncionales en 2024 - Blog | Constructora Alcabama | Proyectos de Vivienda en Colombia\",\"isPartOf\":{\"@id\":\"https:\/\/www.alcabama.com\/blog\/#website\"},\"primaryImageOfPage\":{\"@id\":\"https:\/\/www.alcabama.com\/blog\/tendencias-de-espacios-multifuncionales-en-2024\/#primaryimage\"},\"image\":{\"@id\":\"https:\/\/www.alcabama.com\/blog\/tendencias-de-espacios-multifuncionales-en-2024\/#primaryimage\"},\"thumbnailUrl\":\"https:\/\/www.alcabama.com\/blog\/wp-content\/uploads\/2024\/09\/shutterstock_1577663560-1-scaled.jpg\",\"datePublished\":\"2024-09-05T21:35:38+00:00\",\"dateModified\":\"2024-09-09T16:46:40+00:00\",\"breadcrumb\":{\"@id\":\"https:\/\/www.alcabama.com\/blog\/tendencias-de-espacios-multifuncionales-en-2024\/#breadcrumb\"},\"inLanguage\":\"es\",\"potentialAction\":[{\"@type\":\"ReadAction\",\"target\":[\"https:\/\/www.alcabama.com\/blog\/tendencias-de-espacios-multifuncionales-en-2024\/\"]}]},{\"@type\":\"ImageObject\",\"inLanguage\":\"es\",\"@id\":\"https:\/\/www.alcabama.com\/blog\/tendencias-de-espacios-multifuncionales-en-2024\/#primaryimage\",\"url\":\"https:\/\/www.alcabama.com\/blog\/wp-content\/uploads\/2024\/09\/shutterstock_1577663560-1-scaled.jpg\",\"contentUrl\":\"https:\/\/www.alcabama.com\/blog\/wp-content\/uploads\/2024\/09\/shutterstock_1577663560-1-scaled.jpg\",\"width\":2560,\"height\":1327},{\"@type\":\"BreadcrumbList\",\"@id\":\"https:\/\/www.alcabama.com\/blog\/tendencias-de-espacios-multifuncionales-en-2024\/#breadcrumb\",\"itemListElement\":[{\"@type\":\"ListItem\",\"position\":1,\"name\":\"Portada\",\"item\":\"https:\/\/www.alcabama.com\/blog\/\"},{\"@type\":\"ListItem\",\"position\":2,\"name\":\"Tendencias de Espacios Multifuncionales en 2024\"}]},{\"@type\":\"WebSite\",\"@id\":\"https:\/\/www.alcabama.com\/blog\/#website\",\"url\":\"https:\/\/www.alcabama.com\/blog\/\",\"name\":\"Blog | Constructora Alcabama | Proyectos de Vivienda en Colombia\",\"description\":\"\",\"publisher\":{\"@id\":\"https:\/\/www.alcabama.com\/blog\/#organization\"},\"potentialAction\":[{\"@type\":\"SearchAction\",\"target\":{\"@type\":\"EntryPoint\",\"urlTemplate\":\"https:\/\/www.alcabama.com\/blog\/?s={search_term_string}\"},\"query-input\":{\"@type\":\"PropertyValueSpecification\",\"valueRequired\":true,\"valueName\":\"search_term_string\"}}],\"inLanguage\":\"es\"},{\"@type\":\"Organization\",\"@id\":\"https:\/\/www.alcabama.com\/blog\/#organization\",\"name\":\"Blog | Constructora Alcabama | Proyectos de Vivienda en Colombia\",\"url\":\"https:\/\/www.alcabama.com\/blog\/\",\"logo\":{\"@type\":\"ImageObject\",\"inLanguage\":\"es\",\"@id\":\"https:\/\/www.alcabama.com\/blog\/#\/schema\/logo\/image\/\",\"url\":\"https:\/\/www.alcabama.com\/blog\/wp-content\/uploads\/2022\/02\/alcabama-new.png\",\"contentUrl\":\"https:\/\/www.alcabama.com\/blog\/wp-content\/uploads\/2022\/02\/alcabama-new.png\",\"width\":254,\"height\":126,\"caption\":\"Blog | Constructora Alcabama | Proyectos de Vivienda en Colombia\"},\"image\":{\"@id\":\"https:\/\/www.alcabama.com\/blog\/#\/schema\/logo\/image\/\"}},{\"@type\":\"Person\",\"@id\":\"https:\/\/www.alcabama.com\/blog\/#\/schema\/person\/7e96202d4be3b769af3ba5e6d90c741d\",\"name\":\"alcabamaweb\",\"sameAs\":[\"http:\/\/alcabama.com\/blog\"],\"url\":\"https:\/\/www.alcabama.com\/blog\/author\/alcabamaweb\/\"}]}<\/script>\n<!-- \/ Yoast SEO plugin. -->","yoast_head_json":{"title":"Tendencias de Espacios Multifuncionales en 2024 - Blog | Constructora Alcabama | Proyectos de Vivienda en Colombia","robots":{"index":"index","follow":"follow","max-snippet":"max-snippet:-1","max-image-preview":"max-image-preview:large","max-video-preview":"max-video-preview:-1"},"canonical":"https:\/\/www.alcabama.com\/blog\/tendencias-de-espacios-multifuncionales-en-2024\/","og_locale":"es_ES","og_type":"article","og_title":"Tendencias de Espacios Multifuncionales en 2024 - Blog | Constructora Alcabama | Proyectos de Vivienda en Colombia","og_description":"En el a\u00f1o 2024, se pretende mejorar la eficiencia de los espacios en la distribuci\u00f3n de apartamentos sin sacrificar su ... Leer m\u00e1s","og_url":"https:\/\/www.alcabama.com\/blog\/tendencias-de-espacios-multifuncionales-en-2024\/","og_site_name":"Blog | Constructora Alcabama | Proyectos de Vivienda en Colombia","article_published_time":"2024-09-05T21:35:38+00:00","article_modified_time":"2024-09-09T16:46:40+00:00","og_image":[{"width":2560,"height":1327,"url":"http:\/\/www.alcabama.com\/blog\/wp-content\/uploads\/2024\/09\/shutterstock_1577663560-1-scaled.jpg","type":"image\/jpeg"}],"author":"alcabamaweb","twitter_card":"summary_large_image","twitter_misc":{"Escrito por":"alcabamaweb","Tiempo de lectura":"2 minutos"},"schema":{"@context":"https:\/\/schema.org","@graph":[{"@type":"Article","@id":"https:\/\/www.alcabama.com\/blog\/tendencias-de-espacios-multifuncionales-en-2024\/#article","isPartOf":{"@id":"https:\/\/www.alcabama.com\/blog\/tendencias-de-espacios-multifuncionales-en-2024\/"},"author":{"name":"alcabamaweb","@id":"https:\/\/www.alcabama.com\/blog\/#\/schema\/person\/7e96202d4be3b769af3ba5e6d90c741d"},"headline":"Tendencias de Espacios Multifuncionales en 2024","datePublished":"2024-09-05T21:35:38+00:00","dateModified":"2024-09-09T16:46:40+00:00","mainEntityOfPage":{"@id":"https:\/\/www.alcabama.com\/blog\/tendencias-de-espacios-multifuncionales-en-2024\/"},"wordCount":363,"publisher":{"@id":"https:\/\/www.alcabama.com\/blog\/#organization"},"image":{"@id":"https:\/\/www.alcabama.com\/blog\/tendencias-de-espacios-multifuncionales-en-2024\/#primaryimage"},"thumbnailUrl":"https:\/\/www.alcabama.com\/blog\/wp-content\/uploads\/2024\/09\/shutterstock_1577663560-1-scaled.jpg","keywords":["distribuci\u00f3n de apartamentos","funcionalidad","tendencias 2024"],"articleSection":["Consejos de vivienda","Proyectos de vivienda","Tendencias","Vivienda"],"inLanguage":"es"},{"@type":"WebPage","@id":"https:\/\/www.alcabama.com\/blog\/tendencias-de-espacios-multifuncionales-en-2024\/","url":"https:\/\/www.alcabama.com\/blog\/tendencias-de-espacios-multifuncionales-en-2024\/","name":"Tendencias de Espacios Multifuncionales en 2024 - Blog | Constructora Alcabama | Proyectos de Vivienda en Colombia","isPartOf":{"@id":"https:\/\/www.alcabama.com\/blog\/#website"},"primaryImageOfPage":{"@id":"https:\/\/www.alcabama.com\/blog\/tendencias-de-espacios-multifuncionales-en-2024\/#primaryimage"},"image":{"@id":"https:\/\/www.alcabama.com\/blog\/tendencias-de-espacios-multifuncionales-en-2024\/#primaryimage"},"thumbnailUrl":"https:\/\/www.alcabama.com\/blog\/wp-content\/uploads\/2024\/09\/shutterstock_1577663560-1-scaled.jpg","datePublished":"2024-09-05T21:35:38+00:00","dateModified":"2024-09-09T16:46:40+00:00","breadcrumb":{"@id":"https:\/\/www.alcabama.com\/blog\/tendencias-de-espacios-multifuncionales-en-2024\/#breadcrumb"},"inLanguage":"es","potentialAction":[{"@type":"ReadAction","target":["https:\/\/www.alcabama.com\/blog\/tendencias-de-espacios-multifuncionales-en-2024\/"]}]},{"@type":"ImageObject","inLanguage":"es","@id":"https:\/\/www.alcabama.com\/blog\/tendencias-de-espacios-multifuncionales-en-2024\/#primaryimage","url":"https:\/\/www.alcabama.com\/blog\/wp-content\/uploads\/2024\/09\/shutterstock_1577663560-1-scaled.jpg","contentUrl":"https:\/\/www.alcabama.com\/blog\/wp-content\/uploads\/2024\/09\/shutterstock_1577663560-1-scaled.jpg","width":2560,"height":1327},{"@type":"BreadcrumbList","@id":"https:\/\/www.alcabama.com\/blog\/tendencias-de-espacios-multifuncionales-en-2024\/#breadcrumb","itemListElement":[{"@type":"ListItem","position":1,"name":"Portada","item":"https:\/\/www.alcabama.com\/blog\/"},{"@type":"ListItem","position":2,"name":"Tendencias de Espacios Multifuncionales en 2024"}]},{"@type":"WebSite","@id":"https:\/\/www.alcabama.com\/blog\/#website","url":"https:\/\/www.alcabama.com\/blog\/","name":"Blog | Constructora Alcabama | Proyectos de Vivienda en Colombia","description":"","publisher":{"@id":"https:\/\/www.alcabama.com\/blog\/#organization"},"potentialAction":[{"@type":"SearchAction","target":{"@type":"EntryPoint","urlTemplate":"https:\/\/www.alcabama.com\/blog\/?s={search_term_string}"},"query-input":{"@type":"PropertyValueSpecification","valueRequired":true,"valueName":"search_term_string"}}],"inLanguage":"es"},{"@type":"Organization","@id":"https:\/\/www.alcabama.com\/blog\/#organization","name":"Blog | Constructora Alcabama | Proyectos de Vivienda en Colombia","url":"https:\/\/www.alcabama.com\/blog\/","logo":{"@type":"ImageObject","inLanguage":"es","@id":"https:\/\/www.alcabama.com\/blog\/#\/schema\/logo\/image\/","url":"https:\/\/www.alcabama.com\/blog\/wp-content\/uploads\/2022\/02\/alcabama-new.png","contentUrl":"https:\/\/www.alcabama.com\/blog\/wp-content\/uploads\/2022\/02\/alcabama-new.png","width":254,"height":126,"caption":"Blog | Constructora Alcabama | Proyectos de Vivienda en Colombia"},"image":{"@id":"https:\/\/www.alcabama.com\/blog\/#\/schema\/logo\/image\/"}},{"@type":"Person","@id":"https:\/\/www.alcabama.com\/blog\/#\/schema\/person\/7e96202d4be3b769af3ba5e6d90c741d","name":"alcabamaweb","sameAs":["http:\/\/alcabama.com\/blog"],"url":"https:\/\/www.alcabama.com\/blog\/author\/alcabamaweb\/"}]}},"_links":{"self":[{"href":"https:\/\/www.alcabama.com\/blog\/wp-json\/wp\/v2\/posts\/701","targetHints":{"allow":["GET"]}}],"collection":[{"href":"https:\/\/www.alcabama.com\/blog\/wp-json\/wp\/v2\/posts"}],"about":[{"href":"https:\/\/www.alcabama.com\/blog\/wp-json\/wp\/v2\/types\/post"}],"author":[{"embeddable":true,"href":"https:\/\/www.alcabama.com\/blog\/wp-json\/wp\/v2\/users\/1"}],"replies":[{"embeddable":true,"href":"https:\/\/www.alcabama.com\/blog\/wp-json\/wp\/v2\/comments?post=701"}],"version-history":[{"count":9,"href":"https:\/\/www.alcabama.com\/blog\/wp-json\/wp\/v2\/posts\/701\/revisions"}],"predecessor-version":[{"id":716,"href":"https:\/\/www.alcabama.com\/blog\/wp-json\/wp\/v2\/posts\/701\/revisions\/716"}],"wp:featuredmedia":[{"embeddable":true,"href":"https:\/\/www.alcabama.com\/blog\/wp-json\/wp\/v2\/media\/705"}],"wp:attachment":[{"href":"https:\/\/www.alcabama.com\/blog\/wp-json\/wp\/v2\/media?parent=701"}],"wp:term":[{"taxonomy":"category","embeddable":true,"href":"https:\/\/www.alcabama.com\/blog\/wp-json\/wp\/v2\/categories?post=701"},{"taxonomy":"post_tag","embeddable":true,"href":"https:\/\/www.alcabama.com\/blog\/wp-json\/wp\/v2\/tags?post=701"}],"curies":[{"name":"wp","href":"https:\/\/api.w.org\/{rel}","templated":true}]}}